[{"@context":"https:\/\/schema.org\/","@type":"Article","@id":"https:\/\/www.amhc.cz\/fotografie-nestarnou\/#Article","mainEntityOfPage":"https:\/\/www.amhc.cz\/fotografie-nestarnou\/","headline":"Fotografie nest\u00e1rnou","name":"Fotografie nest\u00e1rnou","description":"Fot\u00edte se \u010dasto? Ka\u017ed\u00fd kdo m\u00e1 v telefonu fotoapar\u00e1t fot\u00ed rozhodn\u011b \u010dast\u011bji, ne\u017e kdyby m\u011bl klasick\u00fd digit\u00e1ln\u00ed fotoapar\u00e1t a k &hellip; ","datePublished":"2023-06-21","dateModified":"2023-06-21","author":{"@type":"Person","@id":"https:\/\/www.amhc.cz\/author\/#Person","name":"","url":"https:\/\/www.amhc.cz\/author\/","identifier":1,"image":{"@type":"ImageObject","@id":"https:\/\/secure.gravatar.com\/avatar\/53c590fdd1ec24ee297a15a00a0829b5191e9163e4cc5dbbee20ed40fcc30ad9?s=96&d=mm&r=g","url":"https:\/\/secure.gravatar.com\/avatar\/53c590fdd1ec24ee297a15a00a0829b5191e9163e4cc5dbbee20ed40fcc30ad9?s=96&d=mm&r=g","height":96,"width":96}},"publisher":{"@type":"Organization","name":"amhc.cz","logo":{"@type":"ImageObject","@id":"\/logo.png","url":"\/logo.png","width":600,"height":60}},"image":{"@type":"ImageObject","@id":"https:\/\/www.amhc.cz\/wp-content\/uploads\/freestocks-Ubf5iGbPEfw-unsplash.jpg","url":"https:\/\/www.amhc.cz\/wp-content\/uploads\/freestocks-Ubf5iGbPEfw-unsplash.jpg","height":0,"width":0},"url":"https:\/\/www.amhc.cz\/fotografie-nestarnou\/","about":["Spole\u010dnosti"],"wordCount":391,"articleBody":"   Fot\u00edte se \u010dasto? Ka\u017ed\u00fd kdo m\u00e1 v telefonu fotoapar\u00e1t fot\u00ed rozhodn\u011b \u010dast\u011bji, ne\u017e kdyby m\u011bl klasick\u00fd digit\u00e1ln\u00ed fotoapar\u00e1t a k tomu oby\u010dejn\u00fd tlakov\u00fd telefon. D\u00edky tomu \u017ee jej m\u00e1me v podstat\u011b v ruce denn\u011b, fot\u00edme neust\u00e1le. Vyfot\u00edme si co zrovna pot\u0159ebujeme. Fot\u00edme si rodinu, zv\u00ed\u0159ata, p\u0159\u00edrodu, ale i dokumenty, kter\u00e9 nechceme ztratit. Je dobr\u00e9 m\u00edt fotoapar\u00e1t p\u0159i ruce, proto\u017ee nikdy nev\u00edme, kdy ho budeme pot\u0159ebovat.Jsou ale situace, kdy je pot\u0159eba fotograf. Sami si mobilem nevyfot\u00edte t\u0159eba v\u00edt\u00e1n\u00ed ob\u010d\u00e1nk\u016f nebo jinou spole\u010denskou ud\u00e1lost. Ve spole\u010dnosti st\u00e1le plat\u00ed pravidlo, \u017ee telefon  https:\/\/www.czc.cz\/mobilni-telefony\/produkty by m\u011bl z\u016fstat v ta\u0161ce. Proto si i dnes lid\u00e9 naj\u00edmaj\u00ed fotografy, proto\u017ee cht\u011bj\u00ed m\u00edt jistotu, \u017ee cel\u00e1 ud\u00e1lost bude zv\u011b\u010dn\u011bna n\u011bk\u00fdm, kdo nic nezapomene, a kdo si d\u00e1 tu pr\u00e1ci, aby vytvo\u0159il hezk\u00e9 fotografie, na kter\u00e9 se budou v\u0161ichni r\u00e1di d\u00edvat i po letech. Kdy\u017e budete dr\u017eet fotografie v ruce, bude to daleko intenzivn\u011bj\u0161\u00ed vzpom\u00ednka ne\u017e se d\u00edvat do displeje telefonu. Samostatnou kapitolou jsou svatby. Na t\u011bch by rozhodn\u011b nikdo m\u00edt v ruce telefon nem\u011bl, a mnoho p\u00e1r\u016f pros\u00ed svoje hosty i ofici\u00e1ln\u00ed cestou, aby telefony na ob\u0159ad nebrali.Fotografov\u00e9 v\u011bt\u0161inou p\u016fsob\u00ed v m\u00edst\u011b sv\u00e9ho podnik\u00e1n\u00ed, ale nemaj\u00ed probl\u00e9m dojet na focen\u00ed klidn\u011b i p\u0159es celou zemi. Pokud m\u00e1 na starosti svatebn\u00ed fotograf ji\u017en\u00ed \u010cechy, nebude m\u00edt probl\u00e9m dojet i na Moravu. V\u017edy z\u00e1le\u017e\u00ed na domluv\u011b, ale nemus\u00edte se b\u00e1t, proto\u017ee v\u011bt\u0161ina fotograf\u016f jsou ochotn\u00ed.Jak vybrat fotografa? Nejlep\u0161\u00ed je vyb\u00edrat fotografa jednodu\u0161e podle stylu focen\u00ed. Ka\u017ed\u00fd fotograf fot\u00ed jinak a jeho fotky jsou n\u011bco jako jeho rukopis. Jestli se v\u00e1m l\u00edb\u00ed ur\u010dit\u00e1 kompozice nebo \u00faprava, ur\u010dit\u011b hledejte fotografa kter\u00fd va\u0161e po\u017eadavky spl\u0148uje. Prohl\u00e9dn\u011bte si fotky ze svateb ve va\u0161em okol\u00ed, a podle nich se rozhodn\u011bte. Fotografov\u00e9 je sami d\u00e1vaj\u00ed na svoje soci\u00e1ln\u00ed s\u00edt\u011b, aby se jimi prezentovali.                                                                                                                                                                                                                                                                                                                                                                                                  "},{"@context":"https:\/\/schema.org\/","@type":"BreadcrumbList","itemListElement":[{"@type":"ListItem","position":1,"name":"Fotografie nest\u00e1rnou","item":"https:\/\/www.amhc.cz\/fotografie-nestarnou\/#breadcrumbitem"}]}]