[{"@context":"https:\/\/schema.org\/","@type":"Article","@id":"https:\/\/www.amhc.cz\/fyzicka-prace-u-mlade-generace\/#Article","mainEntityOfPage":"https:\/\/www.amhc.cz\/fyzicka-prace-u-mlade-generace\/","headline":"Fyzick\u00e1 pr\u00e1ce u mlad\u00e9 generace","name":"Fyzick\u00e1 pr\u00e1ce u mlad\u00e9 generace","description":"Mnoho z n\u00e1s si ur\u010dit\u011b pamatuje dobu, kdy n\u00e1s probudil ka\u017edou sobotu otec a ozn\u00e1mil n\u00e1m, co se bude dan\u00fd &hellip; ","datePublished":"2025-02-14","dateModified":"2025-02-14","author":{"@type":"Person","@id":"https:\/\/www.amhc.cz\/author\/#Person","name":"","url":"https:\/\/www.amhc.cz\/author\/","identifier":1,"image":{"@type":"ImageObject","@id":"https:\/\/secure.gravatar.com\/avatar\/53c590fdd1ec24ee297a15a00a0829b5191e9163e4cc5dbbee20ed40fcc30ad9?s=96&d=mm&r=g","url":"https:\/\/secure.gravatar.com\/avatar\/53c590fdd1ec24ee297a15a00a0829b5191e9163e4cc5dbbee20ed40fcc30ad9?s=96&d=mm&r=g","height":96,"width":96}},"publisher":{"@type":"Organization","name":"amhc.cz","logo":{"@type":"ImageObject","@id":"\/logo.png","url":"\/logo.png","width":600,"height":60}},"image":{"@type":"ImageObject","@id":"https:\/\/www.amhc.cz\/wp-content\/uploads\/ai-generated-8858088_640_2.png","url":"https:\/\/www.amhc.cz\/wp-content\/uploads\/ai-generated-8858088_640_2.png","height":0,"width":0},"url":"https:\/\/www.amhc.cz\/fyzicka-prace-u-mlade-generace\/","about":["Spole\u010dnosti"],"wordCount":447,"articleBody":"       Mnoho z n\u00e1s si ur\u010dit\u011b pamatuje dobu, kdy n\u00e1s probudil ka\u017edou sobotu otec a ozn\u00e1mil n\u00e1m, co se bude dan\u00fd den d\u011blat. Ve v\u011bt\u0161in\u011b p\u0159\u00edpad\u016f to vypadalo, jako n\u011bjak\u00fd trest za to, \u017ee jsme ve v\u0161edn\u00ed den chodili pouze do \u0161koly. Ov\u0161em s odstupem \u010dasu to \u010dlov\u011bk bere \u00fapln\u011b jinak a je r\u00e1d, \u017ee takov\u00e9 pracovn\u00ed soboty byly. A\u010dkoliv se to d\u0159\u00edve zd\u00e1lo jako \u0161ikana, tak opak byl pravdou. Otec i matka n\u00e1s cht\u011bli n\u011bco nau\u010dit a n\u011bco p\u0159edat. Tyto pr\u00e1ce v n\u00e1s nejen zap\u00e1lily z\u00e1jem o fyzickou pr\u00e1ci, ale tak\u00e9 o to, se n\u011bco nau\u010dit. Dne\u0161n\u00ed dob\u011b je v\u0161ak naprosto jin\u00e1. Mnoho mlad\u00fdch se nejen nechce nic u\u010dit, ale tak\u00e9 nechce ani pom\u00e1hat. Zkuste proto ud\u011blat z\u00e1sadn\u00ed krok a ozn\u00e1mit jim, \u017ee v sobotu se bude dopoledne pracovat a a\u017e potom bude z\u00e1bava. V \u017e\u00e1dn\u00e9m p\u0159\u00edpad\u011b v\u0161ak nejde o to, vzbudit v 6 r\u00e1no syna, d\u00e1t mu r\u00fd\u010d do ruky a \u0159\u00edct, aby zryl celou zahradu. Nejen, \u017ee by to nezvl\u00e1dl, ale rozhodn\u011b by si k tomu vybudoval odpor a u\u017e nikdy by to necht\u011bl d\u011blat. V\u0161e se mus\u00ed d\u011blat tak tro\u0161ku fikan\u011b. R\u00e1no bud\u00ed\u010dek, pot\u00e9 klidn\u00e1 a vydatn\u00e1 sn\u00eddan\u011b a pak \u0161up do pracovn\u00edho. U sn\u00eddan\u011b sd\u011bl\u00edte, co chcete dopoledne ud\u011blat a jak budete postupovat. Pot\u00e9 synovi v\u0161e uk\u00e1\u017eete a v\u0161e budete d\u011blat spolu. D\u00edky tomu prohloub\u00edte vztah a syn se n\u011bco nau\u010d\u00ed. To stejn\u00e9 plat\u00ed v p\u0159\u00edpad\u011b, pokud budete n\u011bkde d\u011blat men\u0161\u00ed pr\u00e1ce. Pokud t\u0159eba p\u016fjdete vym\u011bnit vyp\u00edna\u010d u sv\u011btla, tak ho vezm\u011bte s sebou, a\u0165 se pod\u00edv\u00e1, jak se to d\u011bl\u00e1. Vysv\u011btlete mu, \u017ee nen\u00ed pot\u0159eba elektrik\u00e1\u0159 Praha 5, ale \u017ee v\u0161e zvl\u00e1dnete sami. U\u0161et\u0159\u00edte tak \u010das, pen\u00edze, a hlavn\u011b budete m\u00edt radost z dob\u0159e vykonan\u00e9 pr\u00e1ce. V\u00e1\u0161 syn se n\u011bco nau\u010d\u00ed a m\u016f\u017ee tyto znalosti vyu\u017e\u00edt i ve sv\u00e9m \u017eivot\u011b, kdy se za takovou v\u00fdm\u011bnu bude platit zlatem. V\u011b\u0159te, \u017ee pokud n\u011bco nau\u010d\u00edte sv\u00e9 d\u011bti, tak v\u00e1m budou v budoucnu velmi vd\u011b\u010dn\u00ed. Dne\u0161n\u00ed generace toti\u017e nechce v\u016fbec nic d\u011blat a vypad\u00e1 to, \u017ee si ka\u017ed\u00fd i na v\u00fdm\u011bnu \u017e\u00e1rovky bude zv\u00e1t odborn\u00edka z oboru.                                                                                                                                                                                                                                                                                                                                                                                          4.2\/5 - (11 votes)        "},{"@context":"https:\/\/schema.org\/","@type":"BreadcrumbList","itemListElement":[{"@type":"ListItem","position":1,"name":"Fyzick\u00e1 pr\u00e1ce u mlad\u00e9 generace","item":"https:\/\/www.amhc.cz\/fyzicka-prace-u-mlade-generace\/#breadcrumbitem"}]}]