[{"@context":"https:\/\/schema.org\/","@type":"Article","@id":"https:\/\/www.amhc.cz\/kojenecke-obleceni-nove-i-pouzite\/#Article","mainEntityOfPage":"https:\/\/www.amhc.cz\/kojenecke-obleceni-nove-i-pouzite\/","headline":"Kojeneck\u00e9 oble\u010den\u00ed nov\u00e9 i pou\u017eit\u00e9","name":"Kojeneck\u00e9 oble\u010den\u00ed nov\u00e9 i pou\u017eit\u00e9","description":"P\u0159i v\u00fdb\u011bru kojeneck\u00e9ho oble\u010den\u00ed v\u017edy dbejte na to, aby nebylo p\u0159\u00edli\u0161 voln\u00e9, ale ani p\u0159\u00edli\u0161 upnut\u00e9. Velikosti d\u011btsk\u00e9ho oble\u010den\u00ed se &hellip; ","datePublished":"2025-04-03","dateModified":"2025-04-03","author":{"@type":"Person","@id":"https:\/\/www.amhc.cz\/author\/#Person","name":"","url":"https:\/\/www.amhc.cz\/author\/","identifier":1,"image":{"@type":"ImageObject","@id":"https:\/\/secure.gravatar.com\/avatar\/53c590fdd1ec24ee297a15a00a0829b5191e9163e4cc5dbbee20ed40fcc30ad9?s=96&d=mm&r=g","url":"https:\/\/secure.gravatar.com\/avatar\/53c590fdd1ec24ee297a15a00a0829b5191e9163e4cc5dbbee20ed40fcc30ad9?s=96&d=mm&r=g","height":96,"width":96}},"publisher":{"@type":"Organization","name":"amhc.cz","logo":{"@type":"ImageObject","@id":"\/logo.png","url":"\/logo.png","width":600,"height":60}},"url":"https:\/\/www.amhc.cz\/kojenecke-obleceni-nove-i-pouzite\/","wordCount":179,"articleBody":"P\u0159i v\u00fdb\u011bru kojeneck\u00e9ho oble\u010den\u00ed v\u017edy dbejte na to, aby nebylo p\u0159\u00edli\u0161 voln\u00e9, ale ani p\u0159\u00edli\u0161 upnut\u00e9. Velikosti d\u011btsk\u00e9ho oble\u010den\u00ed se pohybuj\u00ed v rozmez\u00ed \u010d\u00edsel 50 a\u017e 164. Ur\u010dit\u011b je d\u016fle\u017eit\u00e9 v\u011bd\u011bt, \u017ee mezi jednotliv\u00fdmi velikostmi b\u00fdv\u00e1 rozestup zhruba kolem \u0161esti centimetr\u016f. P\u0159ehledn\u011b se\u0159azen\u00e9 kojeneck\u00e9 oble\u010den\u00ed dle jednotliv\u00fdch velikost\u00ed najdete v na\u0161em internetov\u00e9m obchod\u011b. Kojeneck\u00e9 oble\u010den\u00ed Jako orienta\u010dn\u00ed si m\u016f\u017eete p\u0159edstavit, \u017ee zhruba do \u010dty\u0159 let v\u011bku \u017eivota va\u0161eho d\u00edt\u011bte, z\u016fstane toto, co se t\u00fd\u010de velikosti oble\u010den\u00ed, pod \u010d\u00edslic\u00ed 110 centimetr\u016f. Samoz\u0159ejm\u011b v\u0161ak z\u00e1le\u017e\u00ed na tom, jak rychle va\u0161e d\u00edt\u011b roste. Nejd\u016fle\u017eit\u011bj\u0161\u00edm krit\u00e9riem pro v\u00fdb\u011br oble\u010den\u00ed, jak\u00fdm je kojeneck\u00e9 oble\u010den\u00ed, je v\u0161ak pocit va\u0161eho d\u00edt\u011bte. Spr\u00e1vn\u00e1 velikost je velmi d\u016fle\u017eit\u00e1 Kojeneck\u00e9 oble\u010den\u00ed mus\u00ed b\u00fdt pro va\u0161e d\u00edt\u011b pocitov\u011b p\u0159edev\u0161\u00edm pohodln\u00e9.                                                                                                                                                                                                                                                                                                                                                                                                "},{"@context":"https:\/\/schema.org\/","@type":"BreadcrumbList","itemListElement":[{"@type":"ListItem","position":1,"name":"Kojeneck\u00e9 oble\u010den\u00ed nov\u00e9 i pou\u017eit\u00e9","item":"https:\/\/www.amhc.cz\/kojenecke-obleceni-nove-i-pouzite\/#breadcrumbitem"}]}]