[{"@context":"https:\/\/schema.org\/","@type":"Article","@id":"https:\/\/www.amhc.cz\/stehovani-pryc\/#Article","mainEntityOfPage":"https:\/\/www.amhc.cz\/stehovani-pryc\/","headline":"St\u011bhov\u00e1n\u00ed pry\u010d","name":"St\u011bhov\u00e1n\u00ed pry\u010d","description":"Tak\u00e9 jste si u\u017e n\u011bkdy \u0159ekli, jak\u00e9 by to bylo, kdybyste bydleli v zahrani\u010d\u00ed? J\u00e1 si mysl\u00edm, \u017ee opravdu hodn\u011b &hellip; ","datePublished":"2023-08-27","dateModified":"2023-09-29","author":{"@type":"Person","@id":"https:\/\/www.amhc.cz\/author\/#Person","name":"","url":"https:\/\/www.amhc.cz\/author\/","identifier":1,"image":{"@type":"ImageObject","@id":"https:\/\/secure.gravatar.com\/avatar\/53c590fdd1ec24ee297a15a00a0829b5191e9163e4cc5dbbee20ed40fcc30ad9?s=96&d=mm&r=g","url":"https:\/\/secure.gravatar.com\/avatar\/53c590fdd1ec24ee297a15a00a0829b5191e9163e4cc5dbbee20ed40fcc30ad9?s=96&d=mm&r=g","height":96,"width":96}},"publisher":{"@type":"Organization","name":"amhc.cz","logo":{"@type":"ImageObject","@id":"\/logo.png","url":"\/logo.png","width":600,"height":60}},"image":{"@type":"ImageObject","@id":"https:\/\/www.amhc.cz\/wp-content\/uploads\/dhl-2882823_1280.jpg","url":"https:\/\/www.amhc.cz\/wp-content\/uploads\/dhl-2882823_1280.jpg","height":0,"width":0},"url":"https:\/\/www.amhc.cz\/stehovani-pryc\/","about":["Spole\u010dnosti"],"wordCount":419,"articleBody":"   Tak\u00e9 jste si u\u017e n\u011bkdy \u0159ekli, jak\u00e9 by to bylo, kdybyste bydleli v zahrani\u010d\u00ed? J\u00e1 si mysl\u00edm, \u017ee opravdu hodn\u011b lid\u00ed si mysl\u00ed, \u017ee pr\u00e1v\u011b v zahrani\u010d\u00ed m\u016f\u017eou za\u017e\u00edt tak\u00e9 nov\u00fd \u017eivot. Abych se p\u0159iznala, tak v tom nevid\u00edm v\u016fbec \u017e\u00e1dn\u00fd probl\u00e9m. A tak\u00e9 si mysl\u00edm, \u017ee by mohli m\u00edt lid\u00e9 n\u011bjak\u00e9 nov\u00e9 zku\u0161enosti s t\u00edm, kdyby \u017eili v zahrani\u010d\u00ed. No, jenom si p\u0159edstavte, kdybyste t\u0159eba v zahrani\u010d\u00ed d\u011blali n\u011bjakou pr\u00e1ci, kterou jste d\u0159\u00edve d\u011blali u n\u00e1s v \u010cesk\u00e9 republice, kde byste ale v zahrani\u010d\u00ed m\u011bli t\u0159eba nap\u0159\u00edklad dvojn\u00e1sobn\u00fd plat? Podle m\u00e9ho n\u00e1zoru by tohle bylo opravdu perfektn\u00ed. Ale vy se nyn\u00ed jist\u011b pt\u00e1te na to, jak n\u00e1ro\u010dn\u00e9 by bylo asi st\u011bhov\u00e1n\u00ed do zahrani\u010d\u00ed.J\u00e1 si mysl\u00edm, \u017ee st\u011bhov\u00e1n\u00ed do zahrani\u010d\u00ed je hlavn\u011b n\u00e1ro\u010dn\u00e9 v tom, proto\u017ee pokud se tam st\u011bhujete opravdu u\u017e nast\u00e1lo a nebo na n\u011bkolik let, tak logicky budete s sebou pot\u0159ebovat tak\u00e9 v\u0161echny v\u011bci, kter\u00e9 m\u00e1te v \u010cesk\u00e9 republice ve sv\u00e9m star\u00e9m dom\u011b nebo byt\u011b. J\u00e1 si mysl\u00edm, \u017ee kdyby mnoho lid\u00ed tak\u00e9 dbalo na to, kdyby si t\u0159eba objednali n\u011bjakou kvalitn\u00ed st\u011bhovac\u00ed firmu, tak ud\u011blaj\u00ed dob\u0159e. Pokud je\u0161t\u011b st\u00e1le budete v\u00e1hat, jakou firmu si sehnat, tak j\u00e1 sama za sebe doporu\u010duji tuhle extra-services.cz, se kterou m\u00e1m opravdu u\u017e mnoholet\u00e9 zku\u0161enosti. Vy se asi div\u00edte, jak m\u016f\u017eu m\u00edt mnohalet\u00e9 zku\u0161enosti se st\u011bhov\u00e1n\u00edm do zahrani\u010d\u00ed.Jenom\u017ee si nemyslete, \u017ee je tohle pouze jenom do zahrani\u010d\u00ed. J\u00e1 jsem se akor\u00e1t st\u011bhovala \u010dty\u0159ikr\u00e1t, a to z Brna do Svitav. Proto\u017ee j\u00e1 jsem tam studovala a potom jsem tam je\u0161t\u011b pracovala, ale nakonec jsem se vr\u00e1tila do sv\u00fdch rodn\u00fdch Svitav, kde je mi opravdu nejl\u00e9pe. J\u00e1 si mysl\u00edm, \u017ee kdy\u017e lid\u00e9 vyu\u017e\u00edvaj\u00ed st\u011bhovac\u00edch slu\u017eeb, maj\u00ed tak\u00e9 hlavn\u011b v prvn\u00ed \u0159ad\u011b db\u00e1t na kvalitu a nebo na reference, proto\u017ee je to d\u016fle\u017eit\u00e9. Ur\u010dit\u011b by nikdo necht\u011bl, aby se t\u0159eba n\u011bkomu ztratily n\u011bkter\u00e9 v\u011bci, kdyby se t\u0159eba p\u0159esouvali z m\u00edsta na m\u00edsto. A v\u011b\u0159te mi, je to potom slo\u017eit\u00e9.                                                                                                                                                                                                                                                                                                                                                                                           4.7\/5 - (4 votes)        "},{"@context":"https:\/\/schema.org\/","@type":"BreadcrumbList","itemListElement":[{"@type":"ListItem","position":1,"name":"St\u011bhov\u00e1n\u00ed pry\u010d","item":"https:\/\/www.amhc.cz\/stehovani-pryc\/#breadcrumbitem"}]}]