[{"@context":"https:\/\/schema.org\/","@type":"Article","@id":"https:\/\/www.amhc.cz\/zabradli-pro-bezpeci-i-jako-esteticky-prvek\/#Article","mainEntityOfPage":"https:\/\/www.amhc.cz\/zabradli-pro-bezpeci-i-jako-esteticky-prvek\/","headline":"Z\u00e1bradl\u00ed pro bezpe\u010d\u00ed i jako estetick\u00fd prvek","name":"Z\u00e1bradl\u00ed pro bezpe\u010d\u00ed i jako estetick\u00fd prvek","description":"Nejenom praktick\u00e9, ale i modern\u00ed m\u016f\u017ee b\u00fdt pr\u00e1v\u011b z\u00e1bradl\u00ed. Samoz\u0159ejm\u011b, nejprve mus\u00ed spl\u0148ovat v\u0161echny bezpe\u010dnost\u00ed parametry a dodr\u017eovat v\u0161echna opat\u0159en\u00ed, &hellip; ","datePublished":"2020-11-07","dateModified":"2020-11-07","author":{"@type":"Person","@id":"https:\/\/www.amhc.cz\/author\/#Person","name":"","url":"https:\/\/www.amhc.cz\/author\/","identifier":1,"image":{"@type":"ImageObject","@id":"https:\/\/secure.gravatar.com\/avatar\/53c590fdd1ec24ee297a15a00a0829b5191e9163e4cc5dbbee20ed40fcc30ad9?s=96&d=mm&r=g","url":"https:\/\/secure.gravatar.com\/avatar\/53c590fdd1ec24ee297a15a00a0829b5191e9163e4cc5dbbee20ed40fcc30ad9?s=96&d=mm&r=g","height":96,"width":96}},"publisher":{"@type":"Organization","name":"amhc.cz","logo":{"@type":"ImageObject","@id":"\/logo.png","url":"\/logo.png","width":600,"height":60}},"image":{"@type":"ImageObject","@id":"https:\/\/www.amhc.cz\/wp-content\/uploads\/m%C4%9Bsto_1.jpeg","url":"https:\/\/www.amhc.cz\/wp-content\/uploads\/m%C4%9Bsto_1.jpeg","height":0,"width":0},"url":"https:\/\/www.amhc.cz\/zabradli-pro-bezpeci-i-jako-esteticky-prvek\/","about":["Kultura"],"wordCount":419,"articleBody":"      Nejenom praktick\u00e9, ale i modern\u00ed m\u016f\u017ee b\u00fdt pr\u00e1v\u011b z\u00e1bradl\u00ed. Samoz\u0159ejm\u011b, nejprve mus\u00ed spl\u0148ovat v\u0161echny bezpe\u010dnost\u00ed parametry a dodr\u017eovat v\u0161echna opat\u0159en\u00ed, aby bylo bezpe\u010dn\u00e9 pro schodi\u0161t\u011b a lid\u00e9 jej mohli prakticky pou\u017e\u00edvat, ale na druhou stranu m\u016f\u017ee b\u00fdt i hezk\u00e9 a estetick\u00e9. Design si m\u016f\u017eete dotvo\u0159it podle vlastn\u00edho gusta. Na v\u00fdb\u011br je z mnoha r\u016fzn\u00fdch dopl\u0148k\u016f.Zejm\u00e9na do modern\u00edch interi\u00e9r\u016f se hod\u00ed sklen\u011bn\u00e9 z\u00e1bradl\u00ed.Ov\u0161em ud\u011bl\u00e1te s nimi velkou par\u00e1du i v p\u0159\u00edpad\u011b, \u017ee m\u00e1te d\u0159ev\u011bn\u00e9 schodi\u0161t\u011b nebo dopl\u0148ky z kovu. Sklo se toti\u017e d\u00e1 velice snadno a esteticky sladit i s dal\u0161\u00edmi materi\u00e1ly. Zejm\u00e9na se d\u0159evem nebo kovem se proto snoub\u00ed naprosto dokonale, ani\u017e by jeden druh materi\u00e1lu n\u011bjak\u00fdm v\u00fdrazn\u00fdm zp\u016fsobem naru\u0161oval druh\u00fd typ materi\u00e1lu. Naopak hezky k sob\u011b lad\u00ed, a pokud p\u0159id\u00e1te trochu fantazie, tak m\u016f\u017eete vytvo\u0159it opravdu neoby\u010dejn\u00e9 d\u00edlo a to jenom v podstat\u011b z jednoduch\u00e9ho z\u00e1bradl\u00ed. Sklen\u011bn\u00e9 z\u00e1bradl\u00ed je velice p\u016fsobiv\u00e9. Hod\u00ed se do modern\u00edch m\u00edstnost\u00ed, na schodi\u0161t\u011b v interi\u00e9rech a zejm\u00e9na do vysok\u00fdch budov. Nepohlcuje toti\u017e sv\u011btlo, ale naopak odr\u00e1\u017e\u00ed, tak\u017ee d\u00edky okn\u016fm a sklen\u011bn\u00e9mu z\u00e1bradl\u00ed bude v prostoru po\u0159\u00e1d dostatek sv\u011btla. Je velice praktick\u00e9 na udr\u017eov\u00e1n\u00ed a m\u00e1 t\u00e9m\u011b\u0159 neomezenou \u017eivotnost. Vyr\u00e1b\u00ed se samoz\u0159ejm\u011b tak, aby spl\u0148ovalo ve\u0161ker\u00e9 n\u00e1roky na bezpe\u010dnost, proto se nemus\u00edte ob\u00e1vat ani v p\u0159\u00edpad\u011b mal\u00fdch d\u011bt\u00ed, \u017ee by nebylo vhodn\u00e9, pr\u00e1v\u011b naopak b\u00fdv\u00e1 ned\u00edlnou sou\u010d\u00e1st\u00ed rodinn\u00fdch dom\u016f i s mal\u00fdmi d\u011btmi nebo zv\u00ed\u0159\u00e1tky. Jde snadno um\u00fdt a ot\u0159\u00edt, tak\u017ee i z tohoto pohledu je praktick\u00e9 a snadno udr\u017eovateln\u00e9. Nemus\u00edte o n\u011bj nad\u00e1le nijak pe\u010dovat. Bude kr\u00e1sn\u00e9 po cel\u00e1 l\u00e9ta. Pot\u0159ebujete z\u00e1bradl\u00ed ven na schodi\u0161t\u011b, na terasu nebo balkon? Vybrali jste si pr\u00e1v\u011b sklo, proto\u017ee je vzhledov\u011b estetick\u00e9 a m\u00e1 funk\u010dn\u00ed vlastnosti? Pak v tom nebude \u017e\u00e1dn\u00fd probl\u00e9m. Sklo se d\u00e1 velice snadno instalovat i do venkovn\u00edch exteri\u00e9r\u016f, pr\u00e1v\u011b na ji\u017e zm\u00edn\u011bn\u00e9 terasy a dal\u0161\u00ed podobn\u00e1 stanovi\u0161t\u011b.                                                                                                                                                                                                                                                                                                                                                                                           4.4\/5 - (10 votes)        "},{"@context":"https:\/\/schema.org\/","@type":"BreadcrumbList","itemListElement":[{"@type":"ListItem","position":1,"name":"Z\u00e1bradl\u00ed pro bezpe\u010d\u00ed i jako estetick\u00fd prvek","item":"https:\/\/www.amhc.cz\/zabradli-pro-bezpeci-i-jako-esteticky-prvek\/#breadcrumbitem"}]}]